{"id":2051,"date":"2022-12-23T13:44:59","date_gmt":"2022-12-23T11:44:59","guid":{"rendered":"https:\/\/lestada.com\/pistoletazo-de-salida-a-la-navidad-2022\/"},"modified":"2024-05-15T13:21:43","modified_gmt":"2024-05-15T11:21:43","slug":"pistoletazo-de-salida-a-la-navidad-2022","status":"publish","type":"post","link":"https:\/\/lestada.com\/es\/pistoletazo-de-salida-a-la-navidad-2022\/","title":{"rendered":"pistoletazo de salida a la Navidad 2022"},"content":{"rendered":"<p>Iniciamos las festividades con una semana repleta de villancicos y visitas<br \/>\nespeciales en el centro.<\/p>\n<p>Con el paso del tiempo, ha quedado algo claro: la Navidad sin cantadas es menos<br \/>\nNavidad. En la residencia as\u00ed lo hemos aprendido y es que, a\u00f1o tras a\u00f1o, cuando se avecinan las fiestas,<br \/>\nlos residentes ya vueltan preguntando si vendr\u00e1 alguien a cantar, si se llevar\u00e1n a cabo talleres de<br \/>\nm\u00fasica o si decorar\u00e1n el centro con \u00e1rboles y estrellas. Y nosotros debemos estar a la altura.<br \/>\nPor eso, este a\u00f1o, los residentes han podido disfrutar de una semana entera repleta<\/p>\n<p>de los tradicionales villancicos, desde \u201cEls pastorets\u201d y \u201cA Bel\u00e9n me quiero ir\u201d hasta el<br \/>\ncl\u00e1sico \u201cAnde, ande, ande, la marimorena\u201d, entre otras muchas.<\/p>\n<p>Inici\u00e1bamos la semana con la visita de los alumnos de sexto de primaria de la escuela Serena<br \/>\nValle. Los encuentros con ni\u00f1os y ni\u00f1as siempre emocionan y \u00e9ste no fue por menos.<br \/>\nLos alumnos vestidos con los tradicionales sombreros de Pap\u00e1 Noel alegraron la ma\u00f1ana con la<br \/>\ncantada y consiguieron dibujar sonrisas en los rostros de los residentes. Los m\u00e1s<br \/>\nanimados acompa\u00f1aron a los villancicos aplaudiendo y vitoreando cada cambio de canci\u00f3n.<\/p>\n<p>A media semana recibimos la visita de Xus en colaboraci\u00f3n externa con la empresa<br \/>\nCabr\u00e9 Junqueras. Acompa\u00f1ado de su piano cre\u00f3 un ambiente m\u00e1gico marcado por un toque<br \/>\nde humor que fue de lo m\u00e1s entretenido, ya que constantemente se buscaba la complicidad<br \/>\ncon los residentes. Y es que, en Navidad, son tiempos m\u00e1gicos, de disfrutar e ilusionar.<\/p>\n<p>Por \u00faltimo, el colof\u00f3n final lo puso la coral de adultos de la escuela municipal de m\u00fasica de<br \/>\nLavaneras. Nos ofrecieron un repertorio muy completo de villancicos y nos hicieron cantar con<br \/>\nellos desde el primer momento. De a\u00f1adido, la presencia del piano en directo dio un toque<br \/>\nmuy especial, as\u00ed como la armon\u00eda existente entre las diversas voces y la direcci\u00f3n de la coral,<br \/>\nla cual demostr\u00f3 el trabajo colaborativo de los integrantes.<\/p>\n<p>Esta tipolog\u00eda de proyectos acercan la Navidad y las tradiciones a los residentes, los cuales<br \/>\npasar\u00e1n las fiestas a\u00f1orando sus hogares, pero acompa\u00f1ados de familiares que les podr\u00e1n<br \/>\nvisitar durante los festivos m\u00e1s destacados. Adem\u00e1s, se trata de una actividad muy simb\u00f3lica<br \/>\nque les mejora el estado de \u00e1nimo y reduce la soledad, les permite conectar con los suyos<br \/>\nrecuerdos y favorece el trabajo en comunidad.<\/p>\n<p>A modo de clausura, desearos unas felices fiestas y una feliz Navidad!!<\/p>\n<p><img fetchpriority=\"high\" decoding=\"async\" class=\"alignnone size-full wp-image-1839\" src=\"http:\/\/lestada.com\/wp-content\/uploads\/2022\/12\/thumbnail_Alumnes-del-Serena-Vall-.jpg\" alt=\"\" width=\"960\" height=\"1280\" srcset=\"https:\/\/lestada.com\/wp-content\/uploads\/2022\/12\/thumbnail_Alumnes-del-Serena-Vall-.jpg 960w, https:\/\/lestada.com\/wp-content\/uploads\/2022\/12\/thumbnail_Alumnes-del-Serena-Vall--225x300.jpg 225w, https:\/\/lestada.com\/wp-content\/uploads\/2022\/12\/thumbnail_Alumnes-del-Serena-Vall--768x1024.jpg 768w\" sizes=\"(max-width: 960px) 100vw, 960px\" \/><\/p>\n<p><img decoding=\"async\" class=\"alignnone size-full wp-image-1841\" src=\"http:\/\/lestada.com\/wp-content\/uploads\/2022\/12\/Xus-de-Cabre-Junqueras.jpeg\" alt=\"\" width=\"1600\" height=\"757\" srcset=\"https:\/\/lestada.com\/wp-content\/uploads\/2022\/12\/Xus-de-Cabre-Junqueras.jpeg 1600w, https:\/\/lestada.com\/wp-content\/uploads\/2022\/12\/Xus-de-Cabre-Junqueras-300x142.jpeg 300w, https:\/\/lestada.com\/wp-content\/uploads\/2022\/12\/Xus-de-Cabre-Junqueras-1024x484.jpeg 1024w, https:\/\/lestada.com\/wp-content\/uploads\/2022\/12\/Xus-de-Cabre-Junqueras-768x363.jpeg 768w, https:\/\/lestada.com\/wp-content\/uploads\/2022\/12\/Xus-de-Cabre-Junqueras-1536x727.jpeg 1536w\" sizes=\"(max-width: 1600px) 100vw, 1600px\" \/><\/p>\n<p><img decoding=\"async\" class=\"alignnone size-full wp-image-1843\" src=\"http:\/\/lestada.com\/wp-content\/uploads\/2022\/12\/thumbnail_Coral-Llavaneres-1.jpg\" alt=\"\" width=\"1280\" height=\"960\" srcset=\"https:\/\/lestada.com\/wp-content\/uploads\/2022\/12\/thumbnail_Coral-Llavaneres-1.jpg 1280w, https:\/\/lestada.com\/wp-content\/uploads\/2022\/12\/thumbnail_Coral-Llavaneres-1-300x225.jpg 300w, https:\/\/lestada.com\/wp-content\/uploads\/2022\/12\/thumbnail_Coral-Llavaneres-1-1024x768.jpg 1024w, https:\/\/lestada.com\/wp-content\/uploads\/2022\/12\/thumbnail_Coral-Llavaneres-1-768x576.jpg 768w\" sizes=\"(max-width: 1280px) 100vw, 1280px\" \/><\/p>\n<p><img loading=\"lazy\" decoding=\"async\" class=\"alignnone size-full wp-image-1845\" src=\"http:\/\/lestada.com\/wp-content\/uploads\/2022\/12\/thumbnail_Coral-Llavaneres-2.jpg\" alt=\"\" width=\"1280\" height=\"960\" srcset=\"https:\/\/lestada.com\/wp-content\/uploads\/2022\/12\/thumbnail_Coral-Llavaneres-2.jpg 1280w, https:\/\/lestada.com\/wp-content\/uploads\/2022\/12\/thumbnail_Coral-Llavaneres-2-300x225.jpg 300w, https:\/\/lestada.com\/wp-content\/uploads\/2022\/12\/thumbnail_Coral-Llavaneres-2-1024x768.jpg 1024w, https:\/\/lestada.com\/wp-content\/uploads\/2022\/12\/thumbnail_Coral-Llavaneres-2-768x576.jpg 768w\" sizes=\"(max-width: 1280px) 100vw, 1280px\" \/><\/p>\n<p><img loading=\"lazy\" decoding=\"async\" class=\"alignnone size-full wp-image-1847\" src=\"http:\/\/lestada.com\/wp-content\/uploads\/2022\/12\/thumbnail_Coral-Llavaneres_3.jpg\" alt=\"\" width=\"1280\" height=\"960\" srcset=\"https:\/\/lestada.com\/wp-content\/uploads\/2022\/12\/thumbnail_Coral-Llavaneres_3.jpg 1280w, https:\/\/lestada.com\/wp-content\/uploads\/2022\/12\/thumbnail_Coral-Llavaneres_3-300x225.jpg 300w, https:\/\/lestada.com\/wp-content\/uploads\/2022\/12\/thumbnail_Coral-Llavaneres_3-1024x768.jpg 1024w, https:\/\/lestada.com\/wp-content\/uploads\/2022\/12\/thumbnail_Coral-Llavaneres_3-768x576.jpg 768w\" sizes=\"(max-width: 1280px) 100vw, 1280px\" \/><\/p>\n<p><img loading=\"lazy\" decoding=\"async\" class=\"alignnone size-full wp-image-1849\" src=\"http:\/\/lestada.com\/wp-content\/uploads\/2022\/12\/thumbnail_Coral-Llavaneres_4.jpg\" alt=\"\" width=\"1280\" height=\"960\" srcset=\"https:\/\/lestada.com\/wp-content\/uploads\/2022\/12\/thumbnail_Coral-Llavaneres_4.jpg 1280w, https:\/\/lestada.com\/wp-content\/uploads\/2022\/12\/thumbnail_Coral-Llavaneres_4-300x225.jpg 300w, https:\/\/lestada.com\/wp-content\/uploads\/2022\/12\/thumbnail_Coral-Llavaneres_4-1024x768.jpg 1024w, https:\/\/lestada.com\/wp-content\/uploads\/2022\/12\/thumbnail_Coral-Llavaneres_4-768x576.jpg 768w\" sizes=\"(max-width: 1280px) 100vw, 1280px\" \/><\/p>\n<blockquote>\n<div>\n<div>\n<div>\n<div>\n<div><b><a href=\"https:\/\/drive.google.com\/file\/d\/15cinM1O5_Ocxj8MgoivjngQ_wLS8T1ee\/view?usp=drive_web\" target=\"_blank\" rel=\"noopener noreferrer\" data-auth=\"NotApplicable\" data-safelink=\"true\" data-linkindex=\"2\"><img decoding=\"async\" id=\"x_x__x0000_i1028\" src=\"https:\/\/ssl.gstatic.com\/docs\/doclist\/images\/icon_10_generic_list.png\" border=\"0\" data-imagetype=\"External\" \/> V\u00eddeo Xus Cabr\u00e9 Junqueras.mp4<\/a><\/b><b><img decoding=\"async\" id=\"x_x__x0000_i1027\" src=\"file:\/\/ssl.gstatic.com\/ui\/v1\/icons\/common\/x_8px.png\" border=\"0\" data-imagetype=\"External\" \/><\/b><b><\/b><\/div>\n<\/div>\n<div>\n<div><b><a href=\"https:\/\/drive.google.com\/file\/d\/1TMCHcbl7IxmTy7v4-bpXblCio_MSxRrG\/view?usp=drive_web\" target=\"_blank\" rel=\"noopener noreferrer\" data-auth=\"NotApplicable\" data-safelink=\"true\" data-linkindex=\"3\"><img decoding=\"async\" id=\"x_x__x0000_i1026\" src=\"https:\/\/ssl.gstatic.com\/docs\/doclist\/images\/icon_10_generic_list.png\" border=\"0\" data-imagetype=\"External\" \/> V\u00eddeo Coral Llavaneres.MOV<\/a><\/b><b><img decoding=\"async\" id=\"x_x__x0000_i1025\" src=\"file:\/\/ssl.gstatic.com\/ui\/v1\/icons\/common\/x_8px.png\" border=\"0\" data-imagetype=\"External\" \/><\/b><b><\/b><\/div>\n<\/div>\n<div aria-hidden=\"true\"><\/div>\n<\/div>\n<\/div>\n<\/div>\n<\/blockquote>\n","protected":false},"excerpt":{"rendered":"<p>Iniciamos las festividades con una semana repleta de villancicos y visitas especiales en el centro. Con el paso del tiempo, ha quedado algo claro: la Navidad sin cantadas es menos Navidad. En la residencia as\u00ed lo hemos aprendido y es que, a\u00f1o tras a\u00f1o, cuando se avecinan las fiestas, los residentes ya vueltan preguntando si [&hellip;]<\/p>\n","protected":false},"author":1,"featured_media":1840,"comment_status":"open","ping_status":"open","sticky":false,"template":"","format":"standard","meta":{"footnotes":""},"categories":[11],"tags":[],"class_list":["post-2051","post","type-post","status-publish","format-standard","has-post-thumbnail","hentry","category-noticias"],"yoast_head":"<!-- This site is optimized with the Yoast SEO plugin v27.1.1 - https:\/\/yoast.com\/product\/yoast-seo-wordpress\/ -->\n<title>pistoletazo de salida a la Navidad 2022 - Resid\u00e8ncia Geri\u00e0trica L&#039;Estada<\/title>\n<meta name=\"robots\" content=\"index, follow, max-snippet:-1, max-image-preview:large, max-video-preview:-1\" \/>\n<link rel=\"canonical\" href=\"https:\/\/lestada.com\/es\/pistoletazo-de-salida-a-la-navidad-2022\/\" \/>\n<meta property=\"og:locale\" content=\"es_ES\" \/>\n<meta property=\"og:type\" content=\"article\" \/>\n<meta property=\"og:title\" content=\"pistoletazo de salida a la Navidad 2022 - Resid\u00e8ncia Geri\u00e0trica L&#039;Estada\" \/>\n<meta property=\"og:description\" content=\"Iniciamos las festividades con una semana repleta de villancicos y visitas especiales en el centro. Con el paso del tiempo, ha quedado algo claro: la Navidad sin cantadas es menos Navidad. En la residencia as\u00ed lo hemos aprendido y es que, a\u00f1o tras a\u00f1o, cuando se avecinan las fiestas, los residentes ya vueltan preguntando si [&hellip;]\" \/>\n<meta property=\"og:url\" content=\"https:\/\/lestada.com\/es\/pistoletazo-de-salida-a-la-navidad-2022\/\" \/>\n<meta property=\"og:site_name\" content=\"Resid\u00e8ncia Geri\u00e0trica L&#039;Estada\" \/>\n<meta property=\"article:published_time\" content=\"2022-12-23T11:44:59+00:00\" \/>\n<meta property=\"article:modified_time\" content=\"2024-05-15T11:21:43+00:00\" \/>\n<meta property=\"og:image\" content=\"http:\/\/lestada.com\/wp-content\/uploads\/2022\/12\/thumbnail_Alumnes-del-Serena-Vall-.jpg\" \/>\n\t<meta property=\"og:image:width\" content=\"960\" \/>\n\t<meta property=\"og:image:height\" content=\"1280\" \/>\n\t<meta property=\"og:image:type\" content=\"image\/jpeg\" \/>\n<meta name=\"author\" content=\"Einagrafic\" \/>\n<meta name=\"twitter:card\" content=\"summary_large_image\" \/>\n<meta name=\"twitter:label1\" content=\"Escrito por\" \/>\n\t<meta name=\"twitter:data1\" content=\"Einagrafic\" \/>\n\t<meta name=\"twitter:label2\" content=\"Tiempo de lectura\" \/>\n\t<meta name=\"twitter:data2\" content=\"4 minutos\" \/>\n<script type=\"application\/ld+json\" class=\"yoast-schema-graph\">{\"@context\":\"https:\/\/schema.org\",\"@graph\":[{\"@type\":\"Article\",\"@id\":\"https:\/\/lestada.com\/es\/pistoletazo-de-salida-a-la-navidad-2022\/#article\",\"isPartOf\":{\"@id\":\"https:\/\/lestada.com\/es\/pistoletazo-de-salida-a-la-navidad-2022\/\"},\"author\":{\"name\":\"Einagrafic\",\"@id\":\"https:\/\/lestada.com\/#\/schema\/person\/5dbf1a796e0529f22621e999f2a40281\"},\"headline\":\"pistoletazo de salida a la Navidad 2022\",\"datePublished\":\"2022-12-23T11:44:59+00:00\",\"dateModified\":\"2024-05-15T11:21:43+00:00\",\"mainEntityOfPage\":{\"@id\":\"https:\/\/lestada.com\/es\/pistoletazo-de-salida-a-la-navidad-2022\/\"},\"wordCount\":453,\"commentCount\":0,\"publisher\":{\"@id\":\"https:\/\/lestada.com\/#organization\"},\"image\":{\"@id\":\"https:\/\/lestada.com\/es\/pistoletazo-de-salida-a-la-navidad-2022\/#primaryimage\"},\"thumbnailUrl\":\"https:\/\/lestada.com\/wp-content\/uploads\/2022\/12\/thumbnail_Alumnes-del-Serena-Vall-.jpg\",\"articleSection\":[\"NOTICIAS\"],\"inLanguage\":\"es\",\"potentialAction\":[{\"@type\":\"CommentAction\",\"name\":\"Comment\",\"target\":[\"https:\/\/lestada.com\/es\/pistoletazo-de-salida-a-la-navidad-2022\/#respond\"]}]},{\"@type\":\"WebPage\",\"@id\":\"https:\/\/lestada.com\/es\/pistoletazo-de-salida-a-la-navidad-2022\/\",\"url\":\"https:\/\/lestada.com\/es\/pistoletazo-de-salida-a-la-navidad-2022\/\",\"name\":\"pistoletazo de salida a la Navidad 2022 - Resid\u00e8ncia Geri\u00e0trica L&#039;Estada\",\"isPartOf\":{\"@id\":\"https:\/\/lestada.com\/#website\"},\"primaryImageOfPage\":{\"@id\":\"https:\/\/lestada.com\/es\/pistoletazo-de-salida-a-la-navidad-2022\/#primaryimage\"},\"image\":{\"@id\":\"https:\/\/lestada.com\/es\/pistoletazo-de-salida-a-la-navidad-2022\/#primaryimage\"},\"thumbnailUrl\":\"https:\/\/lestada.com\/wp-content\/uploads\/2022\/12\/thumbnail_Alumnes-del-Serena-Vall-.jpg\",\"datePublished\":\"2022-12-23T11:44:59+00:00\",\"dateModified\":\"2024-05-15T11:21:43+00:00\",\"breadcrumb\":{\"@id\":\"https:\/\/lestada.com\/es\/pistoletazo-de-salida-a-la-navidad-2022\/#breadcrumb\"},\"inLanguage\":\"es\",\"potentialAction\":[{\"@type\":\"ReadAction\",\"target\":[\"https:\/\/lestada.com\/es\/pistoletazo-de-salida-a-la-navidad-2022\/\"]}]},{\"@type\":\"ImageObject\",\"inLanguage\":\"es\",\"@id\":\"https:\/\/lestada.com\/es\/pistoletazo-de-salida-a-la-navidad-2022\/#primaryimage\",\"url\":\"https:\/\/lestada.com\/wp-content\/uploads\/2022\/12\/thumbnail_Alumnes-del-Serena-Vall-.jpg\",\"contentUrl\":\"https:\/\/lestada.com\/wp-content\/uploads\/2022\/12\/thumbnail_Alumnes-del-Serena-Vall-.jpg\",\"width\":960,\"height\":1280},{\"@type\":\"BreadcrumbList\",\"@id\":\"https:\/\/lestada.com\/es\/pistoletazo-de-salida-a-la-navidad-2022\/#breadcrumb\",\"itemListElement\":[{\"@type\":\"ListItem\",\"position\":1,\"name\":\"Inici\",\"item\":\"https:\/\/lestada.com\/es\/\"},{\"@type\":\"ListItem\",\"position\":2,\"name\":\"pistoletazo de salida a la Navidad 2022\"}]},{\"@type\":\"WebSite\",\"@id\":\"https:\/\/lestada.com\/#website\",\"url\":\"https:\/\/lestada.com\/\",\"name\":\"Resid\u00e8ncia Geri\u00e0trica L&#039;Estada\",\"description\":\"Un altre lloc gestionat amb el WordPress\",\"publisher\":{\"@id\":\"https:\/\/lestada.com\/#organization\"},\"potentialAction\":[{\"@type\":\"SearchAction\",\"target\":{\"@type\":\"EntryPoint\",\"urlTemplate\":\"https:\/\/lestada.com\/?s={search_term_string}\"},\"query-input\":{\"@type\":\"PropertyValueSpecification\",\"valueRequired\":true,\"valueName\":\"search_term_string\"}}],\"inLanguage\":\"es\"},{\"@type\":\"Organization\",\"@id\":\"https:\/\/lestada.com\/#organization\",\"name\":\"Resid\u00e8ncia Geri\u00e0trica L&#039;Estada\",\"url\":\"https:\/\/lestada.com\/\",\"logo\":{\"@type\":\"ImageObject\",\"inLanguage\":\"es\",\"@id\":\"https:\/\/lestada.com\/#\/schema\/logo\/image\/\",\"url\":\"https:\/\/lestada.com\/wp-content\/uploads\/2022\/04\/logo_ESTADA.jpg\",\"contentUrl\":\"https:\/\/lestada.com\/wp-content\/uploads\/2022\/04\/logo_ESTADA.jpg\",\"width\":353,\"height\":472,\"caption\":\"Resid\u00e8ncia Geri\u00e0trica L&#039;Estada\"},\"image\":{\"@id\":\"https:\/\/lestada.com\/#\/schema\/logo\/image\/\"}},{\"@type\":\"Person\",\"@id\":\"https:\/\/lestada.com\/#\/schema\/person\/5dbf1a796e0529f22621e999f2a40281\",\"name\":\"Einagrafic\",\"image\":{\"@type\":\"ImageObject\",\"inLanguage\":\"es\",\"@id\":\"https:\/\/lestada.com\/#\/schema\/person\/image\/\",\"url\":\"https:\/\/secure.gravatar.com\/avatar\/94b9f9b8db16172a5acea0cfcbb53bb3adc43b996729884fc3c54b4ed0938f36?s=96&d=mm&r=g\",\"contentUrl\":\"https:\/\/secure.gravatar.com\/avatar\/94b9f9b8db16172a5acea0cfcbb53bb3adc43b996729884fc3c54b4ed0938f36?s=96&d=mm&r=g\",\"caption\":\"Einagrafic\"},\"sameAs\":[\"https:\/\/lestada.einatec.com\"],\"url\":\"https:\/\/lestada.com\/es\/author\/einagrafic\/\"}]}<\/script>\n<!-- \/ Yoast SEO plugin. -->","yoast_head_json":{"title":"pistoletazo de salida a la Navidad 2022 - Resid\u00e8ncia Geri\u00e0trica L&#039;Estada","robots":{"index":"index","follow":"follow","max-snippet":"max-snippet:-1","max-image-preview":"max-image-preview:large","max-video-preview":"max-video-preview:-1"},"canonical":"https:\/\/lestada.com\/es\/pistoletazo-de-salida-a-la-navidad-2022\/","og_locale":"es_ES","og_type":"article","og_title":"pistoletazo de salida a la Navidad 2022 - Resid\u00e8ncia Geri\u00e0trica L&#039;Estada","og_description":"Iniciamos las festividades con una semana repleta de villancicos y visitas especiales en el centro. Con el paso del tiempo, ha quedado algo claro: la Navidad sin cantadas es menos Navidad. En la residencia as\u00ed lo hemos aprendido y es que, a\u00f1o tras a\u00f1o, cuando se avecinan las fiestas, los residentes ya vueltan preguntando si [&hellip;]","og_url":"https:\/\/lestada.com\/es\/pistoletazo-de-salida-a-la-navidad-2022\/","og_site_name":"Resid\u00e8ncia Geri\u00e0trica L&#039;Estada","article_published_time":"2022-12-23T11:44:59+00:00","article_modified_time":"2024-05-15T11:21:43+00:00","og_image":[{"width":960,"height":1280,"url":"http:\/\/lestada.com\/wp-content\/uploads\/2022\/12\/thumbnail_Alumnes-del-Serena-Vall-.jpg","type":"image\/jpeg"}],"author":"Einagrafic","twitter_card":"summary_large_image","twitter_misc":{"Escrito por":"Einagrafic","Tiempo de lectura":"4 minutos"},"schema":{"@context":"https:\/\/schema.org","@graph":[{"@type":"Article","@id":"https:\/\/lestada.com\/es\/pistoletazo-de-salida-a-la-navidad-2022\/#article","isPartOf":{"@id":"https:\/\/lestada.com\/es\/pistoletazo-de-salida-a-la-navidad-2022\/"},"author":{"name":"Einagrafic","@id":"https:\/\/lestada.com\/#\/schema\/person\/5dbf1a796e0529f22621e999f2a40281"},"headline":"pistoletazo de salida a la Navidad 2022","datePublished":"2022-12-23T11:44:59+00:00","dateModified":"2024-05-15T11:21:43+00:00","mainEntityOfPage":{"@id":"https:\/\/lestada.com\/es\/pistoletazo-de-salida-a-la-navidad-2022\/"},"wordCount":453,"commentCount":0,"publisher":{"@id":"https:\/\/lestada.com\/#organization"},"image":{"@id":"https:\/\/lestada.com\/es\/pistoletazo-de-salida-a-la-navidad-2022\/#primaryimage"},"thumbnailUrl":"https:\/\/lestada.com\/wp-content\/uploads\/2022\/12\/thumbnail_Alumnes-del-Serena-Vall-.jpg","articleSection":["NOTICIAS"],"inLanguage":"es","potentialAction":[{"@type":"CommentAction","name":"Comment","target":["https:\/\/lestada.com\/es\/pistoletazo-de-salida-a-la-navidad-2022\/#respond"]}]},{"@type":"WebPage","@id":"https:\/\/lestada.com\/es\/pistoletazo-de-salida-a-la-navidad-2022\/","url":"https:\/\/lestada.com\/es\/pistoletazo-de-salida-a-la-navidad-2022\/","name":"pistoletazo de salida a la Navidad 2022 - Resid\u00e8ncia Geri\u00e0trica L&#039;Estada","isPartOf":{"@id":"https:\/\/lestada.com\/#website"},"primaryImageOfPage":{"@id":"https:\/\/lestada.com\/es\/pistoletazo-de-salida-a-la-navidad-2022\/#primaryimage"},"image":{"@id":"https:\/\/lestada.com\/es\/pistoletazo-de-salida-a-la-navidad-2022\/#primaryimage"},"thumbnailUrl":"https:\/\/lestada.com\/wp-content\/uploads\/2022\/12\/thumbnail_Alumnes-del-Serena-Vall-.jpg","datePublished":"2022-12-23T11:44:59+00:00","dateModified":"2024-05-15T11:21:43+00:00","breadcrumb":{"@id":"https:\/\/lestada.com\/es\/pistoletazo-de-salida-a-la-navidad-2022\/#breadcrumb"},"inLanguage":"es","potentialAction":[{"@type":"ReadAction","target":["https:\/\/lestada.com\/es\/pistoletazo-de-salida-a-la-navidad-2022\/"]}]},{"@type":"ImageObject","inLanguage":"es","@id":"https:\/\/lestada.com\/es\/pistoletazo-de-salida-a-la-navidad-2022\/#primaryimage","url":"https:\/\/lestada.com\/wp-content\/uploads\/2022\/12\/thumbnail_Alumnes-del-Serena-Vall-.jpg","contentUrl":"https:\/\/lestada.com\/wp-content\/uploads\/2022\/12\/thumbnail_Alumnes-del-Serena-Vall-.jpg","width":960,"height":1280},{"@type":"BreadcrumbList","@id":"https:\/\/lestada.com\/es\/pistoletazo-de-salida-a-la-navidad-2022\/#breadcrumb","itemListElement":[{"@type":"ListItem","position":1,"name":"Inici","item":"https:\/\/lestada.com\/es\/"},{"@type":"ListItem","position":2,"name":"pistoletazo de salida a la Navidad 2022"}]},{"@type":"WebSite","@id":"https:\/\/lestada.com\/#website","url":"https:\/\/lestada.com\/","name":"Resid\u00e8ncia Geri\u00e0trica L&#039;Estada","description":"Un altre lloc gestionat amb el WordPress","publisher":{"@id":"https:\/\/lestada.com\/#organization"},"potentialAction":[{"@type":"SearchAction","target":{"@type":"EntryPoint","urlTemplate":"https:\/\/lestada.com\/?s={search_term_string}"},"query-input":{"@type":"PropertyValueSpecification","valueRequired":true,"valueName":"search_term_string"}}],"inLanguage":"es"},{"@type":"Organization","@id":"https:\/\/lestada.com\/#organization","name":"Resid\u00e8ncia Geri\u00e0trica L&#039;Estada","url":"https:\/\/lestada.com\/","logo":{"@type":"ImageObject","inLanguage":"es","@id":"https:\/\/lestada.com\/#\/schema\/logo\/image\/","url":"https:\/\/lestada.com\/wp-content\/uploads\/2022\/04\/logo_ESTADA.jpg","contentUrl":"https:\/\/lestada.com\/wp-content\/uploads\/2022\/04\/logo_ESTADA.jpg","width":353,"height":472,"caption":"Resid\u00e8ncia Geri\u00e0trica L&#039;Estada"},"image":{"@id":"https:\/\/lestada.com\/#\/schema\/logo\/image\/"}},{"@type":"Person","@id":"https:\/\/lestada.com\/#\/schema\/person\/5dbf1a796e0529f22621e999f2a40281","name":"Einagrafic","image":{"@type":"ImageObject","inLanguage":"es","@id":"https:\/\/lestada.com\/#\/schema\/person\/image\/","url":"https:\/\/secure.gravatar.com\/avatar\/94b9f9b8db16172a5acea0cfcbb53bb3adc43b996729884fc3c54b4ed0938f36?s=96&d=mm&r=g","contentUrl":"https:\/\/secure.gravatar.com\/avatar\/94b9f9b8db16172a5acea0cfcbb53bb3adc43b996729884fc3c54b4ed0938f36?s=96&d=mm&r=g","caption":"Einagrafic"},"sameAs":["https:\/\/lestada.einatec.com"],"url":"https:\/\/lestada.com\/es\/author\/einagrafic\/"}]}},"_links":{"self":[{"href":"https:\/\/lestada.com\/es\/wp-json\/wp\/v2\/posts\/2051","targetHints":{"allow":["GET"]}}],"collection":[{"href":"https:\/\/lestada.com\/es\/wp-json\/wp\/v2\/posts"}],"about":[{"href":"https:\/\/lestada.com\/es\/wp-json\/wp\/v2\/types\/post"}],"author":[{"embeddable":true,"href":"https:\/\/lestada.com\/es\/wp-json\/wp\/v2\/users\/1"}],"replies":[{"embeddable":true,"href":"https:\/\/lestada.com\/es\/wp-json\/wp\/v2\/comments?post=2051"}],"version-history":[{"count":1,"href":"https:\/\/lestada.com\/es\/wp-json\/wp\/v2\/posts\/2051\/revisions"}],"predecessor-version":[{"id":2055,"href":"https:\/\/lestada.com\/es\/wp-json\/wp\/v2\/posts\/2051\/revisions\/2055"}],"wp:featuredmedia":[{"embeddable":true,"href":"https:\/\/lestada.com\/es\/wp-json\/wp\/v2\/media\/1840"}],"wp:attachment":[{"href":"https:\/\/lestada.com\/es\/wp-json\/wp\/v2\/media?parent=2051"}],"wp:term":[{"taxonomy":"category","embeddable":true,"href":"https:\/\/lestada.com\/es\/wp-json\/wp\/v2\/categories?post=2051"},{"taxonomy":"post_tag","embeddable":true,"href":"https:\/\/lestada.com\/es\/wp-json\/wp\/v2\/tags?post=2051"}],"curies":[{"name":"wp","href":"https:\/\/api.w.org\/{rel}","templated":true}]}}