{"id":2052,"date":"2022-06-10T08:34:22","date_gmt":"2022-06-10T06:34:22","guid":{"rendered":"https:\/\/lestada.com\/estat-actual-del-pla-dacompanyament-sociosanitari\/"},"modified":"2024-05-15T13:25:27","modified_gmt":"2024-05-15T11:25:27","slug":"estat-actual-del-pla-dacompanyament-sociosanitari","status":"publish","type":"post","link":"https:\/\/lestada.com\/es\/estat-actual-del-pla-dacompanyament-sociosanitari\/","title":{"rendered":"Estado actual del Plan de Acompa\u00f1amiento Sociosanitario"},"content":{"rendered":"<ul>\n<li>Horarios visitas: 10h30&#8242;-13h \/ 14h-19h<br \/>\nLos pacientes no COVID reciben las visitas sin cita previa. En cambio, los pacientes COVID+ pueden recibir visitas pidiendo hora y entrando de una en una hasta un m\u00e1ximo de 2. En situaciones de fin de vida, no existe l\u00edmite horario ni de visitas al d\u00eda.<br \/>\nVisitas de hasta 2 acompa\u00f1antes<\/li>\n<\/ul>\n","protected":false},"excerpt":{"rendered":"<p>Horarios visitas: 10h30&#8242;-13h \/ 14h-19h Los pacientes no COVID reciben las visitas sin cita previa. En cambio, los pacientes COVID+ pueden recibir visitas pidiendo hora y entrando de una en una hasta un m\u00e1ximo de 2. En situaciones de fin de vida, no existe l\u00edmite horario ni de visitas al d\u00eda. Visitas de hasta 2 [&hellip;]<\/p>\n","protected":false},"author":1,"featured_media":875,"comment_status":"open","ping_status":"open","sticky":false,"template":"","format":"standard","meta":{"footnotes":""},"categories":[11],"tags":[],"class_list":["post-2052","post","type-post","status-publish","format-standard","has-post-thumbnail","hentry","category-noticias"],"yoast_head":"<!-- This site is optimized with the Yoast SEO plugin v27.1.1 - https:\/\/yoast.com\/product\/yoast-seo-wordpress\/ -->\n<title>Estado actual del Plan de Acompa\u00f1amiento Sociosanitario - Resid\u00e8ncia Geri\u00e0trica L&#039;Estada<\/title>\n<meta name=\"robots\" content=\"index, follow, max-snippet:-1, max-image-preview:large, max-video-preview:-1\" \/>\n<link rel=\"canonical\" href=\"https:\/\/lestada.com\/es\/estat-actual-del-pla-dacompanyament-sociosanitari\/\" \/>\n<meta property=\"og:locale\" content=\"es_ES\" \/>\n<meta property=\"og:type\" content=\"article\" \/>\n<meta property=\"og:title\" content=\"Estado actual del Plan de Acompa\u00f1amiento Sociosanitario - Resid\u00e8ncia Geri\u00e0trica L&#039;Estada\" \/>\n<meta property=\"og:description\" content=\"Horarios visitas: 10h30&#8242;-13h \/ 14h-19h Los pacientes no COVID reciben las visitas sin cita previa. En cambio, los pacientes COVID+ pueden recibir visitas pidiendo hora y entrando de una en una hasta un m\u00e1ximo de 2. En situaciones de fin de vida, no existe l\u00edmite horario ni de visitas al d\u00eda. Visitas de hasta 2 [&hellip;]\" \/>\n<meta property=\"og:url\" content=\"https:\/\/lestada.com\/es\/estat-actual-del-pla-dacompanyament-sociosanitari\/\" \/>\n<meta property=\"og:site_name\" content=\"Resid\u00e8ncia Geri\u00e0trica L&#039;Estada\" \/>\n<meta property=\"article:published_time\" content=\"2022-06-10T06:34:22+00:00\" \/>\n<meta property=\"article:modified_time\" content=\"2024-05-15T11:25:27+00:00\" \/>\n<meta property=\"og:image\" content=\"http:\/\/lestada.com\/wp-content\/uploads\/2022\/03\/estada-avis-12.jpg\" \/>\n\t<meta property=\"og:image:width\" content=\"2000\" \/>\n\t<meta property=\"og:image:height\" content=\"1333\" \/>\n\t<meta property=\"og:image:type\" content=\"image\/jpeg\" \/>\n<meta name=\"author\" content=\"Einagrafic\" \/>\n<meta name=\"twitter:card\" content=\"summary_large_image\" \/>\n<meta name=\"twitter:label1\" content=\"Escrito por\" \/>\n\t<meta name=\"twitter:data1\" content=\"Einagrafic\" \/>\n\t<meta name=\"twitter:label2\" content=\"Tiempo de lectura\" \/>\n\t<meta name=\"twitter:data2\" content=\"1 minuto\" \/>\n<script type=\"application\/ld+json\" class=\"yoast-schema-graph\">{\"@context\":\"https:\/\/schema.org\",\"@graph\":[{\"@type\":\"Article\",\"@id\":\"https:\/\/lestada.com\/es\/estat-actual-del-pla-dacompanyament-sociosanitari\/#article\",\"isPartOf\":{\"@id\":\"https:\/\/lestada.com\/es\/estat-actual-del-pla-dacompanyament-sociosanitari\/\"},\"author\":{\"name\":\"Einagrafic\",\"@id\":\"https:\/\/lestada.com\/#\/schema\/person\/5dbf1a796e0529f22621e999f2a40281\"},\"headline\":\"Estado actual del Plan de Acompa\u00f1amiento Sociosanitario\",\"datePublished\":\"2022-06-10T06:34:22+00:00\",\"dateModified\":\"2024-05-15T11:25:27+00:00\",\"mainEntityOfPage\":{\"@id\":\"https:\/\/lestada.com\/es\/estat-actual-del-pla-dacompanyament-sociosanitari\/\"},\"wordCount\":68,\"commentCount\":0,\"publisher\":{\"@id\":\"https:\/\/lestada.com\/#organization\"},\"image\":{\"@id\":\"https:\/\/lestada.com\/es\/estat-actual-del-pla-dacompanyament-sociosanitari\/#primaryimage\"},\"thumbnailUrl\":\"https:\/\/lestada.com\/wp-content\/uploads\/2022\/03\/estada-avis-12.jpg\",\"articleSection\":[\"NOTICIAS\"],\"inLanguage\":\"es\",\"potentialAction\":[{\"@type\":\"CommentAction\",\"name\":\"Comment\",\"target\":[\"https:\/\/lestada.com\/es\/estat-actual-del-pla-dacompanyament-sociosanitari\/#respond\"]}]},{\"@type\":\"WebPage\",\"@id\":\"https:\/\/lestada.com\/es\/estat-actual-del-pla-dacompanyament-sociosanitari\/\",\"url\":\"https:\/\/lestada.com\/es\/estat-actual-del-pla-dacompanyament-sociosanitari\/\",\"name\":\"Estado actual del Plan de Acompa\u00f1amiento Sociosanitario - Resid\u00e8ncia Geri\u00e0trica L&#039;Estada\",\"isPartOf\":{\"@id\":\"https:\/\/lestada.com\/#website\"},\"primaryImageOfPage\":{\"@id\":\"https:\/\/lestada.com\/es\/estat-actual-del-pla-dacompanyament-sociosanitari\/#primaryimage\"},\"image\":{\"@id\":\"https:\/\/lestada.com\/es\/estat-actual-del-pla-dacompanyament-sociosanitari\/#primaryimage\"},\"thumbnailUrl\":\"https:\/\/lestada.com\/wp-content\/uploads\/2022\/03\/estada-avis-12.jpg\",\"datePublished\":\"2022-06-10T06:34:22+00:00\",\"dateModified\":\"2024-05-15T11:25:27+00:00\",\"breadcrumb\":{\"@id\":\"https:\/\/lestada.com\/es\/estat-actual-del-pla-dacompanyament-sociosanitari\/#breadcrumb\"},\"inLanguage\":\"es\",\"potentialAction\":[{\"@type\":\"ReadAction\",\"target\":[\"https:\/\/lestada.com\/es\/estat-actual-del-pla-dacompanyament-sociosanitari\/\"]}]},{\"@type\":\"ImageObject\",\"inLanguage\":\"es\",\"@id\":\"https:\/\/lestada.com\/es\/estat-actual-del-pla-dacompanyament-sociosanitari\/#primaryimage\",\"url\":\"https:\/\/lestada.com\/wp-content\/uploads\/2022\/03\/estada-avis-12.jpg\",\"contentUrl\":\"https:\/\/lestada.com\/wp-content\/uploads\/2022\/03\/estada-avis-12.jpg\",\"width\":2000,\"height\":1333},{\"@type\":\"BreadcrumbList\",\"@id\":\"https:\/\/lestada.com\/es\/estat-actual-del-pla-dacompanyament-sociosanitari\/#breadcrumb\",\"itemListElement\":[{\"@type\":\"ListItem\",\"position\":1,\"name\":\"Inici\",\"item\":\"https:\/\/lestada.com\/es\/\"},{\"@type\":\"ListItem\",\"position\":2,\"name\":\"Estado actual del Plan de Acompa\u00f1amiento Sociosanitario\"}]},{\"@type\":\"WebSite\",\"@id\":\"https:\/\/lestada.com\/#website\",\"url\":\"https:\/\/lestada.com\/\",\"name\":\"Resid\u00e8ncia Geri\u00e0trica L&#039;Estada\",\"description\":\"Un altre lloc gestionat amb el WordPress\",\"publisher\":{\"@id\":\"https:\/\/lestada.com\/#organization\"},\"potentialAction\":[{\"@type\":\"SearchAction\",\"target\":{\"@type\":\"EntryPoint\",\"urlTemplate\":\"https:\/\/lestada.com\/?s={search_term_string}\"},\"query-input\":{\"@type\":\"PropertyValueSpecification\",\"valueRequired\":true,\"valueName\":\"search_term_string\"}}],\"inLanguage\":\"es\"},{\"@type\":\"Organization\",\"@id\":\"https:\/\/lestada.com\/#organization\",\"name\":\"Resid\u00e8ncia Geri\u00e0trica L&#039;Estada\",\"url\":\"https:\/\/lestada.com\/\",\"logo\":{\"@type\":\"ImageObject\",\"inLanguage\":\"es\",\"@id\":\"https:\/\/lestada.com\/#\/schema\/logo\/image\/\",\"url\":\"https:\/\/lestada.com\/wp-content\/uploads\/2022\/04\/logo_ESTADA.jpg\",\"contentUrl\":\"https:\/\/lestada.com\/wp-content\/uploads\/2022\/04\/logo_ESTADA.jpg\",\"width\":353,\"height\":472,\"caption\":\"Resid\u00e8ncia Geri\u00e0trica L&#039;Estada\"},\"image\":{\"@id\":\"https:\/\/lestada.com\/#\/schema\/logo\/image\/\"}},{\"@type\":\"Person\",\"@id\":\"https:\/\/lestada.com\/#\/schema\/person\/5dbf1a796e0529f22621e999f2a40281\",\"name\":\"Einagrafic\",\"image\":{\"@type\":\"ImageObject\",\"inLanguage\":\"es\",\"@id\":\"https:\/\/lestada.com\/#\/schema\/person\/image\/\",\"url\":\"https:\/\/secure.gravatar.com\/avatar\/94b9f9b8db16172a5acea0cfcbb53bb3adc43b996729884fc3c54b4ed0938f36?s=96&d=mm&r=g\",\"contentUrl\":\"https:\/\/secure.gravatar.com\/avatar\/94b9f9b8db16172a5acea0cfcbb53bb3adc43b996729884fc3c54b4ed0938f36?s=96&d=mm&r=g\",\"caption\":\"Einagrafic\"},\"sameAs\":[\"https:\/\/lestada.einatec.com\"],\"url\":\"https:\/\/lestada.com\/es\/author\/einagrafic\/\"}]}<\/script>\n<!-- \/ Yoast SEO plugin. -->","yoast_head_json":{"title":"Estado actual del Plan de Acompa\u00f1amiento Sociosanitario - Resid\u00e8ncia Geri\u00e0trica L&#039;Estada","robots":{"index":"index","follow":"follow","max-snippet":"max-snippet:-1","max-image-preview":"max-image-preview:large","max-video-preview":"max-video-preview:-1"},"canonical":"https:\/\/lestada.com\/es\/estat-actual-del-pla-dacompanyament-sociosanitari\/","og_locale":"es_ES","og_type":"article","og_title":"Estado actual del Plan de Acompa\u00f1amiento Sociosanitario - Resid\u00e8ncia Geri\u00e0trica L&#039;Estada","og_description":"Horarios visitas: 10h30&#8242;-13h \/ 14h-19h Los pacientes no COVID reciben las visitas sin cita previa. En cambio, los pacientes COVID+ pueden recibir visitas pidiendo hora y entrando de una en una hasta un m\u00e1ximo de 2. En situaciones de fin de vida, no existe l\u00edmite horario ni de visitas al d\u00eda. Visitas de hasta 2 [&hellip;]","og_url":"https:\/\/lestada.com\/es\/estat-actual-del-pla-dacompanyament-sociosanitari\/","og_site_name":"Resid\u00e8ncia Geri\u00e0trica L&#039;Estada","article_published_time":"2022-06-10T06:34:22+00:00","article_modified_time":"2024-05-15T11:25:27+00:00","og_image":[{"width":2000,"height":1333,"url":"http:\/\/lestada.com\/wp-content\/uploads\/2022\/03\/estada-avis-12.jpg","type":"image\/jpeg"}],"author":"Einagrafic","twitter_card":"summary_large_image","twitter_misc":{"Escrito por":"Einagrafic","Tiempo de lectura":"1 minuto"},"schema":{"@context":"https:\/\/schema.org","@graph":[{"@type":"Article","@id":"https:\/\/lestada.com\/es\/estat-actual-del-pla-dacompanyament-sociosanitari\/#article","isPartOf":{"@id":"https:\/\/lestada.com\/es\/estat-actual-del-pla-dacompanyament-sociosanitari\/"},"author":{"name":"Einagrafic","@id":"https:\/\/lestada.com\/#\/schema\/person\/5dbf1a796e0529f22621e999f2a40281"},"headline":"Estado actual del Plan de Acompa\u00f1amiento Sociosanitario","datePublished":"2022-06-10T06:34:22+00:00","dateModified":"2024-05-15T11:25:27+00:00","mainEntityOfPage":{"@id":"https:\/\/lestada.com\/es\/estat-actual-del-pla-dacompanyament-sociosanitari\/"},"wordCount":68,"commentCount":0,"publisher":{"@id":"https:\/\/lestada.com\/#organization"},"image":{"@id":"https:\/\/lestada.com\/es\/estat-actual-del-pla-dacompanyament-sociosanitari\/#primaryimage"},"thumbnailUrl":"https:\/\/lestada.com\/wp-content\/uploads\/2022\/03\/estada-avis-12.jpg","articleSection":["NOTICIAS"],"inLanguage":"es","potentialAction":[{"@type":"CommentAction","name":"Comment","target":["https:\/\/lestada.com\/es\/estat-actual-del-pla-dacompanyament-sociosanitari\/#respond"]}]},{"@type":"WebPage","@id":"https:\/\/lestada.com\/es\/estat-actual-del-pla-dacompanyament-sociosanitari\/","url":"https:\/\/lestada.com\/es\/estat-actual-del-pla-dacompanyament-sociosanitari\/","name":"Estado actual del Plan de Acompa\u00f1amiento Sociosanitario - Resid\u00e8ncia Geri\u00e0trica L&#039;Estada","isPartOf":{"@id":"https:\/\/lestada.com\/#website"},"primaryImageOfPage":{"@id":"https:\/\/lestada.com\/es\/estat-actual-del-pla-dacompanyament-sociosanitari\/#primaryimage"},"image":{"@id":"https:\/\/lestada.com\/es\/estat-actual-del-pla-dacompanyament-sociosanitari\/#primaryimage"},"thumbnailUrl":"https:\/\/lestada.com\/wp-content\/uploads\/2022\/03\/estada-avis-12.jpg","datePublished":"2022-06-10T06:34:22+00:00","dateModified":"2024-05-15T11:25:27+00:00","breadcrumb":{"@id":"https:\/\/lestada.com\/es\/estat-actual-del-pla-dacompanyament-sociosanitari\/#breadcrumb"},"inLanguage":"es","potentialAction":[{"@type":"ReadAction","target":["https:\/\/lestada.com\/es\/estat-actual-del-pla-dacompanyament-sociosanitari\/"]}]},{"@type":"ImageObject","inLanguage":"es","@id":"https:\/\/lestada.com\/es\/estat-actual-del-pla-dacompanyament-sociosanitari\/#primaryimage","url":"https:\/\/lestada.com\/wp-content\/uploads\/2022\/03\/estada-avis-12.jpg","contentUrl":"https:\/\/lestada.com\/wp-content\/uploads\/2022\/03\/estada-avis-12.jpg","width":2000,"height":1333},{"@type":"BreadcrumbList","@id":"https:\/\/lestada.com\/es\/estat-actual-del-pla-dacompanyament-sociosanitari\/#breadcrumb","itemListElement":[{"@type":"ListItem","position":1,"name":"Inici","item":"https:\/\/lestada.com\/es\/"},{"@type":"ListItem","position":2,"name":"Estado actual del Plan de Acompa\u00f1amiento Sociosanitario"}]},{"@type":"WebSite","@id":"https:\/\/lestada.com\/#website","url":"https:\/\/lestada.com\/","name":"Resid\u00e8ncia Geri\u00e0trica L&#039;Estada","description":"Un altre lloc gestionat amb el WordPress","publisher":{"@id":"https:\/\/lestada.com\/#organization"},"potentialAction":[{"@type":"SearchAction","target":{"@type":"EntryPoint","urlTemplate":"https:\/\/lestada.com\/?s={search_term_string}"},"query-input":{"@type":"PropertyValueSpecification","valueRequired":true,"valueName":"search_term_string"}}],"inLanguage":"es"},{"@type":"Organization","@id":"https:\/\/lestada.com\/#organization","name":"Resid\u00e8ncia Geri\u00e0trica L&#039;Estada","url":"https:\/\/lestada.com\/","logo":{"@type":"ImageObject","inLanguage":"es","@id":"https:\/\/lestada.com\/#\/schema\/logo\/image\/","url":"https:\/\/lestada.com\/wp-content\/uploads\/2022\/04\/logo_ESTADA.jpg","contentUrl":"https:\/\/lestada.com\/wp-content\/uploads\/2022\/04\/logo_ESTADA.jpg","width":353,"height":472,"caption":"Resid\u00e8ncia Geri\u00e0trica L&#039;Estada"},"image":{"@id":"https:\/\/lestada.com\/#\/schema\/logo\/image\/"}},{"@type":"Person","@id":"https:\/\/lestada.com\/#\/schema\/person\/5dbf1a796e0529f22621e999f2a40281","name":"Einagrafic","image":{"@type":"ImageObject","inLanguage":"es","@id":"https:\/\/lestada.com\/#\/schema\/person\/image\/","url":"https:\/\/secure.gravatar.com\/avatar\/94b9f9b8db16172a5acea0cfcbb53bb3adc43b996729884fc3c54b4ed0938f36?s=96&d=mm&r=g","contentUrl":"https:\/\/secure.gravatar.com\/avatar\/94b9f9b8db16172a5acea0cfcbb53bb3adc43b996729884fc3c54b4ed0938f36?s=96&d=mm&r=g","caption":"Einagrafic"},"sameAs":["https:\/\/lestada.einatec.com"],"url":"https:\/\/lestada.com\/es\/author\/einagrafic\/"}]}},"_links":{"self":[{"href":"https:\/\/lestada.com\/es\/wp-json\/wp\/v2\/posts\/2052","targetHints":{"allow":["GET"]}}],"collection":[{"href":"https:\/\/lestada.com\/es\/wp-json\/wp\/v2\/posts"}],"about":[{"href":"https:\/\/lestada.com\/es\/wp-json\/wp\/v2\/types\/post"}],"author":[{"embeddable":true,"href":"https:\/\/lestada.com\/es\/wp-json\/wp\/v2\/users\/1"}],"replies":[{"embeddable":true,"href":"https:\/\/lestada.com\/es\/wp-json\/wp\/v2\/comments?post=2052"}],"version-history":[{"count":2,"href":"https:\/\/lestada.com\/es\/wp-json\/wp\/v2\/posts\/2052\/revisions"}],"predecessor-version":[{"id":2057,"href":"https:\/\/lestada.com\/es\/wp-json\/wp\/v2\/posts\/2052\/revisions\/2057"}],"wp:featuredmedia":[{"embeddable":true,"href":"https:\/\/lestada.com\/es\/wp-json\/wp\/v2\/media\/875"}],"wp:attachment":[{"href":"https:\/\/lestada.com\/es\/wp-json\/wp\/v2\/media?parent=2052"}],"wp:term":[{"taxonomy":"category","embeddable":true,"href":"https:\/\/lestada.com\/es\/wp-json\/wp\/v2\/categories?post=2052"},{"taxonomy":"post_tag","embeddable":true,"href":"https:\/\/lestada.com\/es\/wp-json\/wp\/v2\/tags?post=2052"}],"curies":[{"name":"wp","href":"https:\/\/api.w.org\/{rel}","templated":true}]}}