{"id":2054,"date":"2022-04-14T09:56:56","date_gmt":"2022-04-14T07:56:56","guid":{"rendered":"https:\/\/lestada.com\/el-centre-sociosanitari-lestada-crea-el-seu-1er-equip-proa\/"},"modified":"2024-05-15T13:38:59","modified_gmt":"2024-05-15T11:38:59","slug":"el-centre-sociosanitari-lestada-crea-el-seu-1er-equip-proa","status":"publish","type":"post","link":"https:\/\/lestada.com\/es\/el-centre-sociosanitari-lestada-crea-el-seu-1er-equip-proa\/","title":{"rendered":"EL CENTRO SOCIOSANITARIO LA ESTANCIA CREA SU 1er -EQUIPO PROA"},"content":{"rendered":"<p>Los centros sociosanitarios tienen una serie de particularidades que los distinguen de los hospitales de agudos, tanto en el tipo de pacientes como en la provisi\u00f3n de recursos humanos y estructurales. A esto cabe a\u00f1adir la existencia de una alta prevalencia de infecciones y altas tasas de prescripci\u00f3n antibi\u00f3tica que conllevan un mayor riesgo de reacciones adversas, toxicidad, interacciones farmacol\u00f3gicas y desarrollo de resistencias.<\/p>\n<p>&nbsp;<\/p>\n<p>El programa VINCat PROA Sociosanitario se ha desarrollado para dar respuesta a estas necesidades espec\u00edficas, y para crear estrategias que promuevan la optimizaci\u00f3n del uso de los antimicrobianos en estos centros y mejorar as\u00ed la evoluci\u00f3n cl\u00ednica de los pacientes y la prevenci\u00f3n de resistencias.<\/p>\n<p>&nbsp;<\/p>\n<p>El centro Sociosanitario L&#8217;Estada cre\u00f3 el pasado mes de febrero su 1er equipo PROA formado por:<\/p>\n<p>Coordinador Asistencial: Dr.Jordi Bantul\u00e0 Pi<br \/>\nSupervisora de Enfermer\u00eda: Sra.Giovanka Dubuisson Sagaste<br \/>\nFarmac\u00e9utica: Susana Mart\u00ednez de Morentin V\u00e1zquez<\/p>\n<p>&nbsp;<\/p>\n<p>Con la creaci\u00f3n de este equipo se pretende conseguir \u00f3ptimos resultados cl\u00ednicos relacionados con el buen uso de los antibi\u00f3ticos, minimizar los efectos adversos y reducir las resistencias.<\/p>\n","protected":false},"excerpt":{"rendered":"<p>Los centros sociosanitarios tienen una serie de particularidades que los distinguen de los hospitales de agudos, tanto en el tipo de pacientes como en la provisi\u00f3n de recursos humanos y estructurales. A esto cabe a\u00f1adir la existencia de una alta prevalencia de infecciones y altas tasas de prescripci\u00f3n antibi\u00f3tica que conllevan un mayor riesgo de [&hellip;]<\/p>\n","protected":false},"author":1,"featured_media":1117,"comment_status":"open","ping_status":"open","sticky":false,"template":"","format":"standard","meta":{"footnotes":""},"categories":[11],"tags":[],"class_list":["post-2054","post","type-post","status-publish","format-standard","has-post-thumbnail","hentry","category-noticias"],"yoast_head":"<!-- This site is optimized with the Yoast SEO plugin v27.1.1 - https:\/\/yoast.com\/product\/yoast-seo-wordpress\/ -->\n<title>EL CENTRO SOCIOSANITARIO LA ESTANCIA CREA SU 1er -EQUIPO PROA - Resid\u00e8ncia Geri\u00e0trica L&#039;Estada<\/title>\n<meta name=\"robots\" content=\"index, follow, max-snippet:-1, max-image-preview:large, max-video-preview:-1\" \/>\n<link rel=\"canonical\" href=\"https:\/\/lestada.com\/es\/el-centre-sociosanitari-lestada-crea-el-seu-1er-equip-proa\/\" \/>\n<meta property=\"og:locale\" content=\"es_ES\" \/>\n<meta property=\"og:type\" content=\"article\" \/>\n<meta property=\"og:title\" content=\"EL CENTRO SOCIOSANITARIO LA ESTANCIA CREA SU 1er -EQUIPO PROA - Resid\u00e8ncia Geri\u00e0trica L&#039;Estada\" \/>\n<meta property=\"og:description\" content=\"Los centros sociosanitarios tienen una serie de particularidades que los distinguen de los hospitales de agudos, tanto en el tipo de pacientes como en la provisi\u00f3n de recursos humanos y estructurales. A esto cabe a\u00f1adir la existencia de una alta prevalencia de infecciones y altas tasas de prescripci\u00f3n antibi\u00f3tica que conllevan un mayor riesgo de [&hellip;]\" \/>\n<meta property=\"og:url\" content=\"https:\/\/lestada.com\/es\/el-centre-sociosanitari-lestada-crea-el-seu-1er-equip-proa\/\" \/>\n<meta property=\"og:site_name\" content=\"Resid\u00e8ncia Geri\u00e0trica L&#039;Estada\" \/>\n<meta property=\"article:published_time\" content=\"2022-04-14T07:56:56+00:00\" \/>\n<meta property=\"article:modified_time\" content=\"2024-05-15T11:38:59+00:00\" \/>\n<meta property=\"og:image\" content=\"http:\/\/lestada.com\/wp-content\/uploads\/2022\/04\/noticia-antibioticos-l-estada.jpg\" \/>\n\t<meta property=\"og:image:width\" content=\"1600\" \/>\n\t<meta property=\"og:image:height\" content=\"1144\" \/>\n\t<meta property=\"og:image:type\" content=\"image\/jpeg\" \/>\n<meta name=\"author\" content=\"Einagrafic\" \/>\n<meta name=\"twitter:card\" content=\"summary_large_image\" \/>\n<meta name=\"twitter:label1\" content=\"Escrito por\" \/>\n\t<meta name=\"twitter:data1\" content=\"Einagrafic\" \/>\n\t<meta name=\"twitter:label2\" content=\"Tiempo de lectura\" \/>\n\t<meta name=\"twitter:data2\" content=\"2 minutos\" \/>\n<script type=\"application\/ld+json\" class=\"yoast-schema-graph\">{\"@context\":\"https:\/\/schema.org\",\"@graph\":[{\"@type\":\"Article\",\"@id\":\"https:\/\/lestada.com\/es\/el-centre-sociosanitari-lestada-crea-el-seu-1er-equip-proa\/#article\",\"isPartOf\":{\"@id\":\"https:\/\/lestada.com\/es\/el-centre-sociosanitari-lestada-crea-el-seu-1er-equip-proa\/\"},\"author\":{\"name\":\"Einagrafic\",\"@id\":\"https:\/\/lestada.com\/#\/schema\/person\/5dbf1a796e0529f22621e999f2a40281\"},\"headline\":\"EL CENTRO SOCIOSANITARIO LA ESTANCIA CREA SU 1er -EQUIPO PROA\",\"datePublished\":\"2022-04-14T07:56:56+00:00\",\"dateModified\":\"2024-05-15T11:38:59+00:00\",\"mainEntityOfPage\":{\"@id\":\"https:\/\/lestada.com\/es\/el-centre-sociosanitari-lestada-crea-el-seu-1er-equip-proa\/\"},\"wordCount\":203,\"commentCount\":0,\"publisher\":{\"@id\":\"https:\/\/lestada.com\/#organization\"},\"image\":{\"@id\":\"https:\/\/lestada.com\/es\/el-centre-sociosanitari-lestada-crea-el-seu-1er-equip-proa\/#primaryimage\"},\"thumbnailUrl\":\"https:\/\/lestada.com\/wp-content\/uploads\/2022\/04\/noticia-antibioticos-l-estada.jpg\",\"articleSection\":[\"NOTICIAS\"],\"inLanguage\":\"es\",\"potentialAction\":[{\"@type\":\"CommentAction\",\"name\":\"Comment\",\"target\":[\"https:\/\/lestada.com\/es\/el-centre-sociosanitari-lestada-crea-el-seu-1er-equip-proa\/#respond\"]}]},{\"@type\":\"WebPage\",\"@id\":\"https:\/\/lestada.com\/es\/el-centre-sociosanitari-lestada-crea-el-seu-1er-equip-proa\/\",\"url\":\"https:\/\/lestada.com\/es\/el-centre-sociosanitari-lestada-crea-el-seu-1er-equip-proa\/\",\"name\":\"EL CENTRO SOCIOSANITARIO LA ESTANCIA CREA SU 1er -EQUIPO PROA - Resid\u00e8ncia Geri\u00e0trica L&#039;Estada\",\"isPartOf\":{\"@id\":\"https:\/\/lestada.com\/#website\"},\"primaryImageOfPage\":{\"@id\":\"https:\/\/lestada.com\/es\/el-centre-sociosanitari-lestada-crea-el-seu-1er-equip-proa\/#primaryimage\"},\"image\":{\"@id\":\"https:\/\/lestada.com\/es\/el-centre-sociosanitari-lestada-crea-el-seu-1er-equip-proa\/#primaryimage\"},\"thumbnailUrl\":\"https:\/\/lestada.com\/wp-content\/uploads\/2022\/04\/noticia-antibioticos-l-estada.jpg\",\"datePublished\":\"2022-04-14T07:56:56+00:00\",\"dateModified\":\"2024-05-15T11:38:59+00:00\",\"breadcrumb\":{\"@id\":\"https:\/\/lestada.com\/es\/el-centre-sociosanitari-lestada-crea-el-seu-1er-equip-proa\/#breadcrumb\"},\"inLanguage\":\"es\",\"potentialAction\":[{\"@type\":\"ReadAction\",\"target\":[\"https:\/\/lestada.com\/es\/el-centre-sociosanitari-lestada-crea-el-seu-1er-equip-proa\/\"]}]},{\"@type\":\"ImageObject\",\"inLanguage\":\"es\",\"@id\":\"https:\/\/lestada.com\/es\/el-centre-sociosanitari-lestada-crea-el-seu-1er-equip-proa\/#primaryimage\",\"url\":\"https:\/\/lestada.com\/wp-content\/uploads\/2022\/04\/noticia-antibioticos-l-estada.jpg\",\"contentUrl\":\"https:\/\/lestada.com\/wp-content\/uploads\/2022\/04\/noticia-antibioticos-l-estada.jpg\",\"width\":1600,\"height\":1144},{\"@type\":\"BreadcrumbList\",\"@id\":\"https:\/\/lestada.com\/es\/el-centre-sociosanitari-lestada-crea-el-seu-1er-equip-proa\/#breadcrumb\",\"itemListElement\":[{\"@type\":\"ListItem\",\"position\":1,\"name\":\"Inici\",\"item\":\"https:\/\/lestada.com\/es\/\"},{\"@type\":\"ListItem\",\"position\":2,\"name\":\"EL CENTRO SOCIOSANITARIO LA ESTANCIA CREA SU 1er -EQUIPO PROA\"}]},{\"@type\":\"WebSite\",\"@id\":\"https:\/\/lestada.com\/#website\",\"url\":\"https:\/\/lestada.com\/\",\"name\":\"Resid\u00e8ncia Geri\u00e0trica L&#039;Estada\",\"description\":\"Un altre lloc gestionat amb el WordPress\",\"publisher\":{\"@id\":\"https:\/\/lestada.com\/#organization\"},\"potentialAction\":[{\"@type\":\"SearchAction\",\"target\":{\"@type\":\"EntryPoint\",\"urlTemplate\":\"https:\/\/lestada.com\/?s={search_term_string}\"},\"query-input\":{\"@type\":\"PropertyValueSpecification\",\"valueRequired\":true,\"valueName\":\"search_term_string\"}}],\"inLanguage\":\"es\"},{\"@type\":\"Organization\",\"@id\":\"https:\/\/lestada.com\/#organization\",\"name\":\"Resid\u00e8ncia Geri\u00e0trica L&#039;Estada\",\"url\":\"https:\/\/lestada.com\/\",\"logo\":{\"@type\":\"ImageObject\",\"inLanguage\":\"es\",\"@id\":\"https:\/\/lestada.com\/#\/schema\/logo\/image\/\",\"url\":\"https:\/\/lestada.com\/wp-content\/uploads\/2022\/04\/logo_ESTADA.jpg\",\"contentUrl\":\"https:\/\/lestada.com\/wp-content\/uploads\/2022\/04\/logo_ESTADA.jpg\",\"width\":353,\"height\":472,\"caption\":\"Resid\u00e8ncia Geri\u00e0trica L&#039;Estada\"},\"image\":{\"@id\":\"https:\/\/lestada.com\/#\/schema\/logo\/image\/\"}},{\"@type\":\"Person\",\"@id\":\"https:\/\/lestada.com\/#\/schema\/person\/5dbf1a796e0529f22621e999f2a40281\",\"name\":\"Einagrafic\",\"image\":{\"@type\":\"ImageObject\",\"inLanguage\":\"es\",\"@id\":\"https:\/\/lestada.com\/#\/schema\/person\/image\/\",\"url\":\"https:\/\/secure.gravatar.com\/avatar\/94b9f9b8db16172a5acea0cfcbb53bb3adc43b996729884fc3c54b4ed0938f36?s=96&d=mm&r=g\",\"contentUrl\":\"https:\/\/secure.gravatar.com\/avatar\/94b9f9b8db16172a5acea0cfcbb53bb3adc43b996729884fc3c54b4ed0938f36?s=96&d=mm&r=g\",\"caption\":\"Einagrafic\"},\"sameAs\":[\"https:\/\/lestada.einatec.com\"],\"url\":\"https:\/\/lestada.com\/es\/author\/einagrafic\/\"}]}<\/script>\n<!-- \/ Yoast SEO plugin. -->","yoast_head_json":{"title":"EL CENTRO SOCIOSANITARIO LA ESTANCIA CREA SU 1er -EQUIPO PROA - Resid\u00e8ncia Geri\u00e0trica L&#039;Estada","robots":{"index":"index","follow":"follow","max-snippet":"max-snippet:-1","max-image-preview":"max-image-preview:large","max-video-preview":"max-video-preview:-1"},"canonical":"https:\/\/lestada.com\/es\/el-centre-sociosanitari-lestada-crea-el-seu-1er-equip-proa\/","og_locale":"es_ES","og_type":"article","og_title":"EL CENTRO SOCIOSANITARIO LA ESTANCIA CREA SU 1er -EQUIPO PROA - Resid\u00e8ncia Geri\u00e0trica L&#039;Estada","og_description":"Los centros sociosanitarios tienen una serie de particularidades que los distinguen de los hospitales de agudos, tanto en el tipo de pacientes como en la provisi\u00f3n de recursos humanos y estructurales. A esto cabe a\u00f1adir la existencia de una alta prevalencia de infecciones y altas tasas de prescripci\u00f3n antibi\u00f3tica que conllevan un mayor riesgo de [&hellip;]","og_url":"https:\/\/lestada.com\/es\/el-centre-sociosanitari-lestada-crea-el-seu-1er-equip-proa\/","og_site_name":"Resid\u00e8ncia Geri\u00e0trica L&#039;Estada","article_published_time":"2022-04-14T07:56:56+00:00","article_modified_time":"2024-05-15T11:38:59+00:00","og_image":[{"width":1600,"height":1144,"url":"http:\/\/lestada.com\/wp-content\/uploads\/2022\/04\/noticia-antibioticos-l-estada.jpg","type":"image\/jpeg"}],"author":"Einagrafic","twitter_card":"summary_large_image","twitter_misc":{"Escrito por":"Einagrafic","Tiempo de lectura":"2 minutos"},"schema":{"@context":"https:\/\/schema.org","@graph":[{"@type":"Article","@id":"https:\/\/lestada.com\/es\/el-centre-sociosanitari-lestada-crea-el-seu-1er-equip-proa\/#article","isPartOf":{"@id":"https:\/\/lestada.com\/es\/el-centre-sociosanitari-lestada-crea-el-seu-1er-equip-proa\/"},"author":{"name":"Einagrafic","@id":"https:\/\/lestada.com\/#\/schema\/person\/5dbf1a796e0529f22621e999f2a40281"},"headline":"EL CENTRO SOCIOSANITARIO LA ESTANCIA CREA SU 1er -EQUIPO PROA","datePublished":"2022-04-14T07:56:56+00:00","dateModified":"2024-05-15T11:38:59+00:00","mainEntityOfPage":{"@id":"https:\/\/lestada.com\/es\/el-centre-sociosanitari-lestada-crea-el-seu-1er-equip-proa\/"},"wordCount":203,"commentCount":0,"publisher":{"@id":"https:\/\/lestada.com\/#organization"},"image":{"@id":"https:\/\/lestada.com\/es\/el-centre-sociosanitari-lestada-crea-el-seu-1er-equip-proa\/#primaryimage"},"thumbnailUrl":"https:\/\/lestada.com\/wp-content\/uploads\/2022\/04\/noticia-antibioticos-l-estada.jpg","articleSection":["NOTICIAS"],"inLanguage":"es","potentialAction":[{"@type":"CommentAction","name":"Comment","target":["https:\/\/lestada.com\/es\/el-centre-sociosanitari-lestada-crea-el-seu-1er-equip-proa\/#respond"]}]},{"@type":"WebPage","@id":"https:\/\/lestada.com\/es\/el-centre-sociosanitari-lestada-crea-el-seu-1er-equip-proa\/","url":"https:\/\/lestada.com\/es\/el-centre-sociosanitari-lestada-crea-el-seu-1er-equip-proa\/","name":"EL CENTRO SOCIOSANITARIO LA ESTANCIA CREA SU 1er -EQUIPO PROA - Resid\u00e8ncia Geri\u00e0trica L&#039;Estada","isPartOf":{"@id":"https:\/\/lestada.com\/#website"},"primaryImageOfPage":{"@id":"https:\/\/lestada.com\/es\/el-centre-sociosanitari-lestada-crea-el-seu-1er-equip-proa\/#primaryimage"},"image":{"@id":"https:\/\/lestada.com\/es\/el-centre-sociosanitari-lestada-crea-el-seu-1er-equip-proa\/#primaryimage"},"thumbnailUrl":"https:\/\/lestada.com\/wp-content\/uploads\/2022\/04\/noticia-antibioticos-l-estada.jpg","datePublished":"2022-04-14T07:56:56+00:00","dateModified":"2024-05-15T11:38:59+00:00","breadcrumb":{"@id":"https:\/\/lestada.com\/es\/el-centre-sociosanitari-lestada-crea-el-seu-1er-equip-proa\/#breadcrumb"},"inLanguage":"es","potentialAction":[{"@type":"ReadAction","target":["https:\/\/lestada.com\/es\/el-centre-sociosanitari-lestada-crea-el-seu-1er-equip-proa\/"]}]},{"@type":"ImageObject","inLanguage":"es","@id":"https:\/\/lestada.com\/es\/el-centre-sociosanitari-lestada-crea-el-seu-1er-equip-proa\/#primaryimage","url":"https:\/\/lestada.com\/wp-content\/uploads\/2022\/04\/noticia-antibioticos-l-estada.jpg","contentUrl":"https:\/\/lestada.com\/wp-content\/uploads\/2022\/04\/noticia-antibioticos-l-estada.jpg","width":1600,"height":1144},{"@type":"BreadcrumbList","@id":"https:\/\/lestada.com\/es\/el-centre-sociosanitari-lestada-crea-el-seu-1er-equip-proa\/#breadcrumb","itemListElement":[{"@type":"ListItem","position":1,"name":"Inici","item":"https:\/\/lestada.com\/es\/"},{"@type":"ListItem","position":2,"name":"EL CENTRO SOCIOSANITARIO LA ESTANCIA CREA SU 1er -EQUIPO PROA"}]},{"@type":"WebSite","@id":"https:\/\/lestada.com\/#website","url":"https:\/\/lestada.com\/","name":"Resid\u00e8ncia Geri\u00e0trica L&#039;Estada","description":"Un altre lloc gestionat amb el WordPress","publisher":{"@id":"https:\/\/lestada.com\/#organization"},"potentialAction":[{"@type":"SearchAction","target":{"@type":"EntryPoint","urlTemplate":"https:\/\/lestada.com\/?s={search_term_string}"},"query-input":{"@type":"PropertyValueSpecification","valueRequired":true,"valueName":"search_term_string"}}],"inLanguage":"es"},{"@type":"Organization","@id":"https:\/\/lestada.com\/#organization","name":"Resid\u00e8ncia Geri\u00e0trica L&#039;Estada","url":"https:\/\/lestada.com\/","logo":{"@type":"ImageObject","inLanguage":"es","@id":"https:\/\/lestada.com\/#\/schema\/logo\/image\/","url":"https:\/\/lestada.com\/wp-content\/uploads\/2022\/04\/logo_ESTADA.jpg","contentUrl":"https:\/\/lestada.com\/wp-content\/uploads\/2022\/04\/logo_ESTADA.jpg","width":353,"height":472,"caption":"Resid\u00e8ncia Geri\u00e0trica L&#039;Estada"},"image":{"@id":"https:\/\/lestada.com\/#\/schema\/logo\/image\/"}},{"@type":"Person","@id":"https:\/\/lestada.com\/#\/schema\/person\/5dbf1a796e0529f22621e999f2a40281","name":"Einagrafic","image":{"@type":"ImageObject","inLanguage":"es","@id":"https:\/\/lestada.com\/#\/schema\/person\/image\/","url":"https:\/\/secure.gravatar.com\/avatar\/94b9f9b8db16172a5acea0cfcbb53bb3adc43b996729884fc3c54b4ed0938f36?s=96&d=mm&r=g","contentUrl":"https:\/\/secure.gravatar.com\/avatar\/94b9f9b8db16172a5acea0cfcbb53bb3adc43b996729884fc3c54b4ed0938f36?s=96&d=mm&r=g","caption":"Einagrafic"},"sameAs":["https:\/\/lestada.einatec.com"],"url":"https:\/\/lestada.com\/es\/author\/einagrafic\/"}]}},"_links":{"self":[{"href":"https:\/\/lestada.com\/es\/wp-json\/wp\/v2\/posts\/2054","targetHints":{"allow":["GET"]}}],"collection":[{"href":"https:\/\/lestada.com\/es\/wp-json\/wp\/v2\/posts"}],"about":[{"href":"https:\/\/lestada.com\/es\/wp-json\/wp\/v2\/types\/post"}],"author":[{"embeddable":true,"href":"https:\/\/lestada.com\/es\/wp-json\/wp\/v2\/users\/1"}],"replies":[{"embeddable":true,"href":"https:\/\/lestada.com\/es\/wp-json\/wp\/v2\/comments?post=2054"}],"version-history":[{"count":1,"href":"https:\/\/lestada.com\/es\/wp-json\/wp\/v2\/posts\/2054\/revisions"}],"predecessor-version":[{"id":2063,"href":"https:\/\/lestada.com\/es\/wp-json\/wp\/v2\/posts\/2054\/revisions\/2063"}],"wp:featuredmedia":[{"embeddable":true,"href":"https:\/\/lestada.com\/es\/wp-json\/wp\/v2\/media\/1117"}],"wp:attachment":[{"href":"https:\/\/lestada.com\/es\/wp-json\/wp\/v2\/media?parent=2054"}],"wp:term":[{"taxonomy":"category","embeddable":true,"href":"https:\/\/lestada.com\/es\/wp-json\/wp\/v2\/categories?post=2054"},{"taxonomy":"post_tag","embeddable":true,"href":"https:\/\/lestada.com\/es\/wp-json\/wp\/v2\/tags?post=2054"}],"curies":[{"name":"wp","href":"https:\/\/api.w.org\/{rel}","templated":true}]}}